{"id":1421,"date":"2019-07-01T17:08:24","date_gmt":"2019-07-01T22:08:24","guid":{"rendered":"http:\/\/www.reforplas.com\/wordpress\/?p=1421"},"modified":"2026-07-22T18:50:19","modified_gmt":"2026-07-22T23:50:19","slug":"postesenfibradevidriocolombia","status":"publish","type":"post","link":"https:\/\/www.reforplas.com\/wordpress\/postesenfibradevidriocolombia\/","title":{"rendered":"POSTES EN FIBRA DE VIDRIO"},"content":{"rendered":"<p>REFORPLAS PONE A SU DISPOSICI\u00d3N TODA NUESTRA LINEA DE SOLUCIONES DE POSTES EN FIBRA DE VIDRIO, CAJAS PARA CIRCUITOS, CAJAS ENTERRADAS Y CRUCETAS EN MATERIALES POLIMERICOS.<\/p>\r\n<p><!-- \/wp:post-content -->\r\n\r\n<!-- wp:paragraph --><\/p>\r\n<p><b>NUESTROS POSTES EN FIBRA DE VIDRIO EN COLOMBIA Y LATINOAMERICA, AS\u00cd&nbsp;COMO NUESTRAS CAJAS PARA CIRCUITOS EN POLYCONCRETO, PRESENTAN UNA SOLUCI\u00d3N&nbsp;R\u00c1PIDA Y DE GRANDES PRESTACIONES TECNICAS QUE LE TRAER\u00c1N GRANDES BENEFICIOS A SU PROYECTO.<\/b><\/p>\r\n<p><!-- \/wp:paragraph -->\r\n\r\n<!-- wp:list --><\/p>\r\n<ul>\r\n<li><strong>HOMOLOGACION BAJO RETIE<\/strong><\/li>\r\n<li><strong>HOMOLOGACION BAJO NORMA CODENSA &#8211; EPM<\/strong><\/li>\r\n<li><b>GRAN DISMINUCION EN TIEMPO Y COSTOS DE ADECUACI\u00d3N vs TRADICIONAL<\/b><\/li>\r\n<li><strong>AHORROS EN COSTOS DE TRANSPORTE<\/strong><\/li>\r\n<li><strong>AHORROS EN COSTOS DE&nbsp;<\/strong><b>INSTALACI\u00d3N<\/b><\/li>\r\n<li><b>MONOL\u00cdTICOS Y SECCIONADOS<\/b><\/li>\r\n<li><b>INSTALACI\u00d3N SENCILLA Y RA<\/b><strong>PIDA<\/strong><\/li>\r\n<li><strong><strong>DISPONIBLES CON SISTEMA ANTI G<\/strong><\/strong><strong><strong>IRO<\/strong><\/strong><\/li>\r\n<\/ul>\r\n<p><!-- \/wp:list -->\r\n\r\n<!-- wp:shortcode --><\/p>\r\nngg_shortcode_0_placeholder\r\n<p><!-- \/wp:shortcode -->\r\n\r\n<!-- wp:heading {\"level\":3} --><\/p>\r\n<h3><a style=\"color: #0000ff;\" title=\"CATALOGO POLYCONCRETO PDF\" href=\"http:\/\/www.reforplas.com\/wordpress\/wp-content\/uploads\/2015\/02\/PRESENTACION-POSTES-REFORPLAS.pdf\" target=\"_blank\" rel=\"noopener noreferrer\">CATALOGO<\/a> DIGITAL<\/h3>\r\n<p>&nbsp;<\/p>\r\n<h3><strong><a title=\"FICHAS TECNICAS POSTES PRFV REFORPLAS\" href=\"http:\/\/www.reforplas.com\/wordpress\/wp-content\/uploads\/2026\/07\/Fichas-tecnicas-postes-PRFV_Reforplas.pdf\" target=\"_blank\" rel=\"noopener\"><u>FICHAS TECNICAS<\/u><\/a><\/strong><\/h3>\r\n<p><!-- \/wp:heading -->\r\n\r\n<!-- wp:paragraph --><\/p>\r\n<p><strong>NUESTROS POSTES EN FIBRA DE VIDRIO EN COLOMBIA Y LATINOAMERICA ASI COMO TODO NUESTRO PORTAFOLIO, SON FABRICADOS CON LA MAS ALTA CALIDAD Y TECNOLOGIA DE PUNTA. NUESTROS PRODUCTOS PROPORCIONAN CARACTERISTICAS MECANICAS Y QUIMICAS MUY SUPERIORES A LAS DEL CONCRETO TRADICIONAL, TOTALMENTE LIBRE DE METAL Y CON UNA FRACCION DEL PESO.&nbsp;<\/strong><\/p>\r\n<p><!-- \/wp:paragraph -->\r\n\r\n<!-- wp:paragraph --><\/p>\r\n<p>Postes en fibra de vidrio en Colombia y Latinoamerica para distribucion electrica y alumbrado publico con excelentes propiedades en cuanto a resistencia mecanica y quimica. Fabricados mediante el procesos de ultima generacion a partir de materiales compuestos.<\/p>\r\n<p><!-- \/wp:paragraph -->\r\n\r\n<!-- wp:paragraph --><\/p>\r\n<p>POSTES EN FIBRA DE VIDRIO COLOMBIA<\/p>\r\n<p><!-- \/wp:paragraph --><\/p>","protected":false},"excerpt":{"rendered":"<p>REFORPLAS PONE A SU DISPOSICI\u00d3N TODA NUESTRA LINEA DE SOLUCIONES DE POSTES EN FIBRA DE VIDRIO, CAJAS PARA CIRCUITOS, CAJAS ENTERRADAS Y CRUCETAS EN MATERIALES POLIMERICOS. NUESTROS POSTES EN FIBRA DE VIDRIO EN COLOMBIA Y LATINOAMERICA, AS\u00cd&nbsp;COMO NUESTRAS CAJAS PARA CIRCUITOS EN POLYCONCRETO, PRESENTAN UNA SOLUCI\u00d3N&nbsp;R\u00c1PIDA Y DE GRANDES PRESTACIONES TECNICAS QUE LE TRAER\u00c1N GRANDES [&hellip;]<\/p>\n","protected":false},"author":1,"featured_media":3066,"comment_status":"closed","ping_status":"open","sticky":false,"template":"","format":"standard","meta":{"nf_dc_page":"","ngg_post_thumbnail":0,"footnotes":""},"categories":[14],"tags":[145,143,140,146],"class_list":["post-1421","post","type-post","status-publish","format-standard","has-post-thumbnail","hentry","category-architecture","tag-postes-alumbrado-publico","tag-postes-electricos-en-fibra-de-vidrio","tag-postes-en-fibra-de-vidrio","tag-postes-en-fibra-de-vidrio-colombia"],"aioseo_notices":[],"aioseo_head":"\n\t\t<!-- All in One SEO 5.0.1.1 - aioseo.com -->\n\t<meta name=\"description\" content=\"POSTES EN FIBRA DE VIDRIO COLOMBIA CERTIFICACION RETIE EPM CODENSA POSTES PARA ALUMBRADO PUBLICO Y DISTRIBUCION ELECTRICA\" \/>\n\t<meta name=\"robots\" content=\"max-image-preview:large\" \/>\n\t<meta name=\"author\" content=\"RPADMINISTRADOR\"\/>\n\t<meta name=\"keywords\" content=\"postes alumbrado publico,postes electricos en fibra de vidrio,postes en fibra de vidrio,postes en fibra de vidrio colombia,architecture\" \/>\n\t<link rel=\"canonical\" href=\"https:\/\/www.reforplas.com\/wordpress\/postesenfibradevidriocolombia\/\" \/>\n\t<meta name=\"generator\" content=\"All in One SEO (AIOSEO) 5.0.1.1\" \/>\n\t\t<meta property=\"og:locale\" content=\"es_ES\" \/>\n\t\t<meta property=\"og:site_name\" content=\"REFORPLAS SAS | POLYCONCRETO Hormigon Polimero\" \/>\n\t\t<meta property=\"og:type\" content=\"article\" \/>\n\t\t<meta property=\"og:title\" content=\"POSTES EN FIBRA DE VIDRIO COLOMBIA | REFORPLAS SAS\" \/>\n\t\t<meta property=\"og:description\" content=\"POSTES EN FIBRA DE VIDRIO COLOMBIA CERTIFICACION RETIE EPM CODENSA POSTES PARA ALUMBRADO PUBLICO Y DISTRIBUCION ELECTRICA\" \/>\n\t\t<meta property=\"og:url\" content=\"https:\/\/www.reforplas.com\/wordpress\/postesenfibradevidriocolombia\/\" \/>\n\t\t<meta property=\"article:published_time\" content=\"2019-07-01T22:08:24+00:00\" \/>\n\t\t<meta property=\"article:modified_time\" content=\"2026-07-22T23:50:19+00:00\" \/>\n\t\t<meta name=\"twitter:card\" content=\"summary\" \/>\n\t\t<meta name=\"twitter:title\" content=\"POSTES EN FIBRA DE VIDRIO COLOMBIA | REFORPLAS SAS\" \/>\n\t\t<meta name=\"twitter:description\" content=\"POSTES EN FIBRA DE VIDRIO COLOMBIA CERTIFICACION RETIE EPM CODENSA POSTES PARA ALUMBRADO PUBLICO Y DISTRIBUCION ELECTRICA\" \/>\n\t\t<script type=\"application\/ld+json\" class=\"aioseo-schema\">\n\t\t\t{\"@context\":\"https:\\\/\\\/schema.org\",\"@graph\":[{\"@type\":\"Article\",\"@id\":\"https:\\\/\\\/www.reforplas.com\\\/wordpress\\\/postesenfibradevidriocolombia\\\/#article\",\"name\":\"POSTES EN FIBRA DE VIDRIO COLOMBIA | REFORPLAS SAS\",\"headline\":\"POSTES EN FIBRA DE VIDRIO\",\"author\":{\"@id\":\"https:\\\/\\\/www.reforplas.com\\\/wordpress\\\/author\\\/rpadministrador\\\/#author\"},\"publisher\":{\"@id\":\"https:\\\/\\\/www.reforplas.com\\\/wordpress\\\/#organization\"},\"image\":{\"@type\":\"ImageObject\",\"url\":\"https:\\\/\\\/www.reforplas.com\\\/wordpress\\\/wp-content\\\/uploads\\\/2012\\\/07\\\/IMG_0298-2.jpg\",\"width\":922,\"height\":970,\"caption\":\"POSTES EN FIBRA DE VIDRIO COLOMBIA\"},\"datePublished\":\"2019-07-01T17:08:24-05:00\",\"dateModified\":\"2026-07-22T18:50:19-05:00\",\"inLanguage\":\"es-ES\",\"mainEntityOfPage\":{\"@id\":\"https:\\\/\\\/www.reforplas.com\\\/wordpress\\\/postesenfibradevidriocolombia\\\/#webpage\"},\"isPartOf\":{\"@id\":\"https:\\\/\\\/www.reforplas.com\\\/wordpress\\\/postesenfibradevidriocolombia\\\/#webpage\"},\"articleSection\":\"Architecture, POSTES ALUMBRADO PUBLICO, POSTES ELECTRICOS EN FIBRA DE VIDRIO, POSTES EN FIBRA DE VIDRIO, POSTES EN FIBRA DE VIDRIO COLOMBIA\"},{\"@type\":\"BreadcrumbList\",\"@id\":\"https:\\\/\\\/www.reforplas.com\\\/wordpress\\\/postesenfibradevidriocolombia\\\/#breadcrumblist\",\"itemListElement\":[{\"@type\":\"ListItem\",\"@id\":\"https:\\\/\\\/www.reforplas.com\\\/wordpress#listItem\",\"position\":1,\"name\":\"Home\",\"item\":\"https:\\\/\\\/www.reforplas.com\\\/wordpress\",\"nextItem\":{\"@type\":\"ListItem\",\"@id\":\"https:\\\/\\\/www.reforplas.com\\\/wordpress\\\/category\\\/architecture\\\/#listItem\",\"name\":\"Architecture\"}},{\"@type\":\"ListItem\",\"@id\":\"https:\\\/\\\/www.reforplas.com\\\/wordpress\\\/category\\\/architecture\\\/#listItem\",\"position\":2,\"name\":\"Architecture\",\"item\":\"https:\\\/\\\/www.reforplas.com\\\/wordpress\\\/category\\\/architecture\\\/\",\"nextItem\":{\"@type\":\"ListItem\",\"@id\":\"https:\\\/\\\/www.reforplas.com\\\/wordpress\\\/postesenfibradevidriocolombia\\\/#listItem\",\"name\":\"POSTES EN FIBRA DE VIDRIO\"},\"previousItem\":{\"@type\":\"ListItem\",\"@id\":\"https:\\\/\\\/www.reforplas.com\\\/wordpress#listItem\",\"name\":\"Home\"}},{\"@type\":\"ListItem\",\"@id\":\"https:\\\/\\\/www.reforplas.com\\\/wordpress\\\/postesenfibradevidriocolombia\\\/#listItem\",\"position\":3,\"name\":\"POSTES EN FIBRA DE VIDRIO\",\"previousItem\":{\"@type\":\"ListItem\",\"@id\":\"https:\\\/\\\/www.reforplas.com\\\/wordpress\\\/category\\\/architecture\\\/#listItem\",\"name\":\"Architecture\"}}]},{\"@type\":\"Organization\",\"@id\":\"https:\\\/\\\/www.reforplas.com\\\/wordpress\\\/#organization\",\"name\":\"REFORPLAS SAS\",\"description\":\"POLYCONCRETO Hormigon Polimero\",\"url\":\"https:\\\/\\\/www.reforplas.com\\\/wordpress\\\/\"},{\"@type\":\"Person\",\"@id\":\"https:\\\/\\\/www.reforplas.com\\\/wordpress\\\/author\\\/rpadministrador\\\/#author\",\"url\":\"https:\\\/\\\/www.reforplas.com\\\/wordpress\\\/author\\\/rpadministrador\\\/\",\"name\":\"RPADMINISTRADOR\",\"image\":{\"@type\":\"ImageObject\",\"@id\":\"https:\\\/\\\/www.reforplas.com\\\/wordpress\\\/postesenfibradevidriocolombia\\\/#authorImage\",\"url\":\"https:\\\/\\\/secure.gravatar.com\\\/avatar\\\/d9b2f6144ece4e76b9a32fd8258621a1da6bd3c0871aad20aaabfb57373a2350?s=96&d=mm&r=g\",\"width\":96,\"height\":96,\"caption\":\"RPADMINISTRADOR\"}},{\"@type\":\"WebPage\",\"@id\":\"https:\\\/\\\/www.reforplas.com\\\/wordpress\\\/postesenfibradevidriocolombia\\\/#webpage\",\"url\":\"https:\\\/\\\/www.reforplas.com\\\/wordpress\\\/postesenfibradevidriocolombia\\\/\",\"name\":\"POSTES EN FIBRA DE VIDRIO COLOMBIA | REFORPLAS SAS\",\"description\":\"POSTES EN FIBRA DE VIDRIO COLOMBIA CERTIFICACION RETIE EPM CODENSA POSTES PARA ALUMBRADO PUBLICO Y DISTRIBUCION ELECTRICA\",\"inLanguage\":\"es-ES\",\"isPartOf\":{\"@id\":\"https:\\\/\\\/www.reforplas.com\\\/wordpress\\\/#website\"},\"breadcrumb\":{\"@id\":\"https:\\\/\\\/www.reforplas.com\\\/wordpress\\\/postesenfibradevidriocolombia\\\/#breadcrumblist\"},\"author\":{\"@id\":\"https:\\\/\\\/www.reforplas.com\\\/wordpress\\\/author\\\/rpadministrador\\\/#author\"},\"creator\":{\"@id\":\"https:\\\/\\\/www.reforplas.com\\\/wordpress\\\/author\\\/rpadministrador\\\/#author\"},\"image\":{\"@type\":\"ImageObject\",\"url\":\"https:\\\/\\\/www.reforplas.com\\\/wordpress\\\/wp-content\\\/uploads\\\/2012\\\/07\\\/IMG_0298-2.jpg\",\"@id\":\"https:\\\/\\\/www.reforplas.com\\\/wordpress\\\/postesenfibradevidriocolombia\\\/#mainImage\",\"width\":922,\"height\":970,\"caption\":\"POSTES EN FIBRA DE VIDRIO COLOMBIA\"},\"primaryImageOfPage\":{\"@id\":\"https:\\\/\\\/www.reforplas.com\\\/wordpress\\\/postesenfibradevidriocolombia\\\/#mainImage\"},\"datePublished\":\"2019-07-01T17:08:24-05:00\",\"dateModified\":\"2026-07-22T18:50:19-05:00\"},{\"@type\":\"WebSite\",\"@id\":\"https:\\\/\\\/www.reforplas.com\\\/wordpress\\\/#website\",\"url\":\"https:\\\/\\\/www.reforplas.com\\\/wordpress\\\/\",\"name\":\"REFORPLAS SAS\",\"description\":\"POLYCONCRETO Hormigon Polimero\",\"inLanguage\":\"es-ES\",\"publisher\":{\"@id\":\"https:\\\/\\\/www.reforplas.com\\\/wordpress\\\/#organization\"}}]}\n\t\t<\/script>\n\t\t<!-- All in One SEO -->\n\n","aioseo_head_json":{"title":"POSTES EN FIBRA DE VIDRIO COLOMBIA | REFORPLAS SAS","description":"POSTES EN FIBRA DE VIDRIO COLOMBIA CERTIFICACION RETIE EPM CODENSA POSTES PARA ALUMBRADO PUBLICO Y DISTRIBUCION ELECTRICA","canonical_url":"https:\/\/www.reforplas.com\/wordpress\/postesenfibradevidriocolombia\/","robots":"max-image-preview:large","keywords":"postes alumbrado publico,postes electricos en fibra de vidrio,postes en fibra de vidrio,postes en fibra de vidrio colombia,architecture","webmasterTools":{"miscellaneous":""},"schema":{"@context":"https:\/\/schema.org","@graph":[{"@type":"Article","@id":"https:\/\/www.reforplas.com\/wordpress\/postesenfibradevidriocolombia\/#article","name":"POSTES EN FIBRA DE VIDRIO COLOMBIA | REFORPLAS SAS","headline":"POSTES EN FIBRA DE VIDRIO","author":{"@id":"https:\/\/www.reforplas.com\/wordpress\/author\/rpadministrador\/#author"},"publisher":{"@id":"https:\/\/www.reforplas.com\/wordpress\/#organization"},"image":{"@type":"ImageObject","url":"https:\/\/www.reforplas.com\/wordpress\/wp-content\/uploads\/2012\/07\/IMG_0298-2.jpg","width":922,"height":970,"caption":"POSTES EN FIBRA DE VIDRIO COLOMBIA"},"datePublished":"2019-07-01T17:08:24-05:00","dateModified":"2026-07-22T18:50:19-05:00","inLanguage":"es-ES","mainEntityOfPage":{"@id":"https:\/\/www.reforplas.com\/wordpress\/postesenfibradevidriocolombia\/#webpage"},"isPartOf":{"@id":"https:\/\/www.reforplas.com\/wordpress\/postesenfibradevidriocolombia\/#webpage"},"articleSection":"Architecture, POSTES ALUMBRADO PUBLICO, POSTES ELECTRICOS EN FIBRA DE VIDRIO, POSTES EN FIBRA DE VIDRIO, POSTES EN FIBRA DE VIDRIO COLOMBIA"},{"@type":"BreadcrumbList","@id":"https:\/\/www.reforplas.com\/wordpress\/postesenfibradevidriocolombia\/#breadcrumblist","itemListElement":[{"@type":"ListItem","@id":"https:\/\/www.reforplas.com\/wordpress#listItem","position":1,"name":"Home","item":"https:\/\/www.reforplas.com\/wordpress","nextItem":{"@type":"ListItem","@id":"https:\/\/www.reforplas.com\/wordpress\/category\/architecture\/#listItem","name":"Architecture"}},{"@type":"ListItem","@id":"https:\/\/www.reforplas.com\/wordpress\/category\/architecture\/#listItem","position":2,"name":"Architecture","item":"https:\/\/www.reforplas.com\/wordpress\/category\/architecture\/","nextItem":{"@type":"ListItem","@id":"https:\/\/www.reforplas.com\/wordpress\/postesenfibradevidriocolombia\/#listItem","name":"POSTES EN FIBRA DE VIDRIO"},"previousItem":{"@type":"ListItem","@id":"https:\/\/www.reforplas.com\/wordpress#listItem","name":"Home"}},{"@type":"ListItem","@id":"https:\/\/www.reforplas.com\/wordpress\/postesenfibradevidriocolombia\/#listItem","position":3,"name":"POSTES EN FIBRA DE VIDRIO","previousItem":{"@type":"ListItem","@id":"https:\/\/www.reforplas.com\/wordpress\/category\/architecture\/#listItem","name":"Architecture"}}]},{"@type":"Organization","@id":"https:\/\/www.reforplas.com\/wordpress\/#organization","name":"REFORPLAS SAS","description":"POLYCONCRETO Hormigon Polimero","url":"https:\/\/www.reforplas.com\/wordpress\/"},{"@type":"Person","@id":"https:\/\/www.reforplas.com\/wordpress\/author\/rpadministrador\/#author","url":"https:\/\/www.reforplas.com\/wordpress\/author\/rpadministrador\/","name":"RPADMINISTRADOR","image":{"@type":"ImageObject","@id":"https:\/\/www.reforplas.com\/wordpress\/postesenfibradevidriocolombia\/#authorImage","url":"https:\/\/secure.gravatar.com\/avatar\/d9b2f6144ece4e76b9a32fd8258621a1da6bd3c0871aad20aaabfb57373a2350?s=96&d=mm&r=g","width":96,"height":96,"caption":"RPADMINISTRADOR"}},{"@type":"WebPage","@id":"https:\/\/www.reforplas.com\/wordpress\/postesenfibradevidriocolombia\/#webpage","url":"https:\/\/www.reforplas.com\/wordpress\/postesenfibradevidriocolombia\/","name":"POSTES EN FIBRA DE VIDRIO COLOMBIA | REFORPLAS SAS","description":"POSTES EN FIBRA DE VIDRIO COLOMBIA CERTIFICACION RETIE EPM CODENSA POSTES PARA ALUMBRADO PUBLICO Y DISTRIBUCION ELECTRICA","inLanguage":"es-ES","isPartOf":{"@id":"https:\/\/www.reforplas.com\/wordpress\/#website"},"breadcrumb":{"@id":"https:\/\/www.reforplas.com\/wordpress\/postesenfibradevidriocolombia\/#breadcrumblist"},"author":{"@id":"https:\/\/www.reforplas.com\/wordpress\/author\/rpadministrador\/#author"},"creator":{"@id":"https:\/\/www.reforplas.com\/wordpress\/author\/rpadministrador\/#author"},"image":{"@type":"ImageObject","url":"https:\/\/www.reforplas.com\/wordpress\/wp-content\/uploads\/2012\/07\/IMG_0298-2.jpg","@id":"https:\/\/www.reforplas.com\/wordpress\/postesenfibradevidriocolombia\/#mainImage","width":922,"height":970,"caption":"POSTES EN FIBRA DE VIDRIO COLOMBIA"},"primaryImageOfPage":{"@id":"https:\/\/www.reforplas.com\/wordpress\/postesenfibradevidriocolombia\/#mainImage"},"datePublished":"2019-07-01T17:08:24-05:00","dateModified":"2026-07-22T18:50:19-05:00"},{"@type":"WebSite","@id":"https:\/\/www.reforplas.com\/wordpress\/#website","url":"https:\/\/www.reforplas.com\/wordpress\/","name":"REFORPLAS SAS","description":"POLYCONCRETO Hormigon Polimero","inLanguage":"es-ES","publisher":{"@id":"https:\/\/www.reforplas.com\/wordpress\/#organization"}}]},"og:locale":"es_ES","og:site_name":"REFORPLAS SAS | POLYCONCRETO Hormigon Polimero","og:type":"article","og:title":"POSTES EN FIBRA DE VIDRIO COLOMBIA | REFORPLAS SAS","og:description":"POSTES EN FIBRA DE VIDRIO COLOMBIA CERTIFICACION RETIE EPM CODENSA POSTES PARA ALUMBRADO PUBLICO Y DISTRIBUCION ELECTRICA","og:url":"https:\/\/www.reforplas.com\/wordpress\/postesenfibradevidriocolombia\/","article:published_time":"2019-07-01T22:08:24+00:00","article:modified_time":"2026-07-22T23:50:19+00:00","twitter:card":"summary","twitter:title":"POSTES EN FIBRA DE VIDRIO COLOMBIA | REFORPLAS SAS","twitter:description":"POSTES EN FIBRA DE VIDRIO COLOMBIA CERTIFICACION RETIE EPM CODENSA POSTES PARA ALUMBRADO PUBLICO Y DISTRIBUCION ELECTRICA"},"aioseo_meta_data":{"post_id":"1421","title":"POSTES EN FIBRA DE VIDRIO COLOMBIA | #site_title","description":"POSTES EN FIBRA DE VIDRIO COLOMBIA CERTIFICACION RETIE EPM CODENSA POSTES PARA ALUMBRADO PUBLICO Y DISTRIBUCION ELECTRICA","keywords":null,"keyphrases":{"focus":{"keyphrase":"","score":0,"analysis":{"keyphraseInTitle":{"score":0,"maxScore":9,"error":1}}},"additional":[]},"primary_term":null,"canonical_url":null,"og_title":null,"og_description":null,"og_object_type":"default","og_image_type":"default","og_image_url":null,"og_image_width":null,"og_image_height":null,"og_image_custom_url":null,"og_image_custom_fields":null,"og_video":"","og_custom_url":null,"og_article_section":null,"og_article_tags":null,"twitter_use_og":false,"twitter_card":"default","twitter_image_type":"default","twitter_image_url":null,"twitter_image_custom_url":null,"twitter_image_custom_fields":null,"twitter_title":null,"twitter_description":null,"schema":{"blockGraphs":[],"customGraphs":[],"default":{"data":{"Article":{"id":"#aioseo-article-63ff9c7fecef6","slug":"article","graphName":"Article","label":"Article","properties":{"type":"BlogPosting","name":"#post_title","headline":"#post_title","description":"#post_excerpt","image":"","keywords":"","author":{"name":"#author_name","url":"#author_url"},"dates":{"include":true,"datePublished":"","dateModified":""}}},"Course":[],"Dataset":[],"FAQPage":[],"Movie":[],"Person":[],"Product":[],"ProductReview":[],"Car":[],"Recipe":[],"Service":[],"SoftwareApplication":[],"WebPage":[]},"graphName":"Article","isEnabled":true},"graphs":[]},"schema_type":"default","schema_type_options":"{\"article\":{\"articleType\":\"BlogPosting\"},\"course\":{\"name\":\"\",\"description\":\"\",\"provider\":\"\"},\"faq\":{\"pages\":[]},\"product\":{\"reviews\":[]},\"recipe\":{\"ingredients\":[],\"instructions\":[],\"keywords\":[]},\"software\":{\"reviews\":[],\"operatingSystems\":[]},\"webPage\":{\"webPageType\":\"WebPage\"}}","pillar_content":false,"robots_default":true,"robots_noindex":false,"robots_noarchive":false,"robots_nosnippet":false,"robots_nofollow":false,"robots_noimageindex":false,"robots_noodp":false,"robots_notranslate":false,"robots_max_snippet":"-1","robots_max_videopreview":"-1","robots_max_imagepreview":"large","priority":null,"frequency":"default","local_seo":null,"breadcrumb_settings":null,"limit_modified_date":false,"ai":{"faqs":[],"keyPoints":[],"schemas":[],"titles":[],"descriptions":[],"socialPosts":{"email":{"subject":"","preview":"","content":""},"linkedin":[],"twitter":[],"facebook":[],"instagram":[]}},"created":"2021-04-19 17:14:23","updated":"2026-07-23 00:48:19","seo_analyzer_scan_date":null,"focus_keyword":null,"additional_keywords":null,"truseo_locale":null},"aioseo_breadcrumb":"<div class=\"aioseo-breadcrumbs\"><span class=\"aioseo-breadcrumb\">\n\t\t\t<a href=\"https:\/\/www.reforplas.com\/wordpress\" title=\"Home\">Home<\/a>\n\t\t<\/span><span class=\"aioseo-breadcrumb-separator\">&raquo;<\/span><span class=\"aioseo-breadcrumb\">\n\t\t\t<a href=\"https:\/\/www.reforplas.com\/wordpress\/category\/architecture\/\" title=\"Architecture\">Architecture<\/a>\n\t\t<\/span><span class=\"aioseo-breadcrumb-separator\">&raquo;<\/span><span class=\"aioseo-breadcrumb\">\n\t\t\tPOSTES EN FIBRA DE VIDRIO\n\t\t<\/span><\/div>","aioseo_breadcrumb_json":[{"label":"Home","link":"https:\/\/www.reforplas.com\/wordpress"},{"label":"Architecture","link":"https:\/\/www.reforplas.com\/wordpress\/category\/architecture\/"},{"label":"POSTES EN FIBRA DE VIDRIO","link":"https:\/\/www.reforplas.com\/wordpress\/postesenfibradevidriocolombia\/"}],"_links":{"self":[{"href":"https:\/\/www.reforplas.com\/wordpress\/wp-json\/wp\/v2\/posts\/1421","targetHints":{"allow":["GET"]}}],"collection":[{"href":"https:\/\/www.reforplas.com\/wordpress\/wp-json\/wp\/v2\/posts"}],"about":[{"href":"https:\/\/www.reforplas.com\/wordpress\/wp-json\/wp\/v2\/types\/post"}],"author":[{"embeddable":true,"href":"https:\/\/www.reforplas.com\/wordpress\/wp-json\/wp\/v2\/users\/1"}],"replies":[{"embeddable":true,"href":"https:\/\/www.reforplas.com\/wordpress\/wp-json\/wp\/v2\/comments?post=1421"}],"version-history":[{"count":5,"href":"https:\/\/www.reforplas.com\/wordpress\/wp-json\/wp\/v2\/posts\/1421\/revisions"}],"predecessor-version":[{"id":4637,"href":"https:\/\/www.reforplas.com\/wordpress\/wp-json\/wp\/v2\/posts\/1421\/revisions\/4637"}],"wp:featuredmedia":[{"embeddable":true,"href":"https:\/\/www.reforplas.com\/wordpress\/wp-json\/wp\/v2\/media\/3066"}],"wp:attachment":[{"href":"https:\/\/www.reforplas.com\/wordpress\/wp-json\/wp\/v2\/media?parent=1421"}],"wp:term":[{"taxonomy":"category","embeddable":true,"href":"https:\/\/www.reforplas.com\/wordpress\/wp-json\/wp\/v2\/categories?post=1421"},{"taxonomy":"post_tag","embeddable":true,"href":"https:\/\/www.reforplas.com\/wordpress\/wp-json\/wp\/v2\/tags?post=1421"}],"curies":[{"name":"wp","href":"https:\/\/api.w.org\/{rel}","templated":true}]}}